{"id":8743,"date":"2025-11-30T10:15:58","date_gmt":"2025-11-30T15:15:58","guid":{"rendered":"https:\/\/marketing.retecol.com\/redes\/?p=8743"},"modified":"2026-02-14T03:06:27","modified_gmt":"2026-02-14T08:06:27","slug":"la-transition-energetique-devient-une-priorite-incontournable-dans-le-contexte-actuel-de-lutte-contr","status":"publish","type":"post","link":"https:\/\/marketing.retecol.com\/redes\/la-transition-energetique-devient-une-priorite-incontournable-dans-le-contexte-actuel-de-lutte-contr\/","title":{"rendered":"La transition \u00e9nerg\u00e9tique devient une priorit\u00e9 incontournable dans le contexte actuel de lutte contr"},"content":{"rendered":"<article>\n<section>\n<h2>Introduction : L\u2019\u00e9mergence du suivi \u00e9nerg\u00e9tique individuel<\/h2>\n<p>\n      La transition \u00e9nerg\u00e9tique devient une priorit\u00e9 incontournable dans le contexte actuel de lutte contre le changement climatique et de recherche de durabilit\u00e9. Au c\u0153ur de cette r\u00e9volution, la gestion intelligente de la consommation d\u2019\u00e9nergie domestique occupe une place strat\u00e9gique, permettant non seulement de r\u00e9aliser des \u00e9conomies mais aussi de r\u00e9duire notre empreinte carbone.\n    <\/p>\n<p>\n      Depuis quelques ann\u00e9es, le d\u00e9veloppement de technologies innovantes favorise une approche plus proactive dans la gestion de l\u2019\u00e9nergie. La mise en place d\u2019un <a href=\"https:\/\/energy-food.fr\/\">suivi d&#8217;\u00e9nergie quotidien<\/a> se r\u00e9v\u00e8le \u00eatre un levier cl\u00e9 pour accompagner les consommateurs dans cette transition, en offrant une visibilit\u00e9 en temps r\u00e9el sur leur consommation.\n    <\/p>\n<\/section>\n<section>\n<h2>Les enjeux de la gestion \u00e9nerg\u00e9tique au sein des m\u00e9nages<\/h2>\n<p>\n      La consommation \u00e9nerg\u00e9tique r\u00e9sidentielle repr\u00e9sente environ 20 % de la consommation totale en France, selon le Commissariat g\u00e9n\u00e9ral au d\u00e9veloppement durable. Elle se d\u00e9compose principalement en chauffage, \u00e9lectricit\u00e9 domestique, eau chaude sanitaire et appareils \u00e9lectrom\u00e9nagers. Optimiser ces usages requiert une compr\u00e9hension fine des habitudes de consommation, souvent dissimul\u00e9e dans les donn\u00e9es.\n    <\/p>\n<p>\n      Les enjeux sont multiples : r\u00e9duction des co\u00fbts, mitigation de l\u2019impact environnemental, optimisation du confort thermique et adaptation aux nouveaux modes de vie. Cependant, la seule sensibilisation ne suffit pas; il faut des outils concrets pour suivre, analyser et agir sur la consommation quotidienne.\n    <\/p>\n<\/section>\n<section>\n<h2>Les b\u00e9n\u00e9fices d\u2019un suivi d\u2019\u00e9nergie quotidien<\/h2>\n<p>\n      La mise en \u0153uvre d\u2019un suivi pr\u00e9cis permet des avanc\u00e9es notables, illustr\u00e9es notamment par l\u2019analyse de donn\u00e9es en temps r\u00e9el :\n    <\/p>\n<ul style=\"margin-left:20px;\">\n<li><strong>Identifications des pics de consommation :<\/strong> comprendre quand et pourquoi la consommation augmente <\/li>\n<li><strong>Optimisation du confort :<\/strong> ajuster le chauffage ou la ventilation selon des donn\u00e9es tangibles<\/li>\n<li><strong>\u00c9conomies financi\u00e8res :<\/strong> r\u00e9duire la facture \u00e9nerg\u00e9tique en adoptant des comportements adapt\u00e9s<\/li>\n<li><strong>Impact environnemental :<\/strong> diminuer l\u2019\u00e9mission de CO\u2082 gr\u00e2ce \u00e0 une consommation plus responsable<\/li>\n<\/ul>\n<p>\n      Par exemple, selon une \u00e9tude men\u00e9e par l\u2019Agence de la transition \u00e9cologique (ADEME), les m\u00e9nages \u00e9quip\u00e9s d\u2019un syst\u00e8me de suivi \u00e9nerg\u00e9tique voient leur consommation diminuer en moyenne de 12 \u00e0 17 % la premi\u00e8re ann\u00e9e. Cette r\u00e9duction significative s\u2019accompagne d\u2019une meilleure compr\u00e9hension de leur mani\u00e8re d\u2019utiliser l\u2019\u00e9nergie.\n    <\/p>\n<\/section>\n<section>\n<h2>Les technologies et strat\u00e9gies pour un suivi efficace<\/h2>\n<p>\n      La diversit\u00e9 des solutions disponibles permet d\u2019adapter le suivi \u00e0 chaque profil. Les dispositifs connect\u00e9s (capteurs, smart meters, applications mobiles) offrent une granularit\u00e9 des donn\u00e9es sans pr\u00e9c\u00e9dent. La cl\u00e9 r\u00e9side dans l\u2019analyse renseign\u00e9e par ces outils, permettant une d\u00e9marche proactive.\n    <\/p>\n<table>\n<thead>\n<tr>\n<th>Technologie<\/th>\n<th>Avantages<\/th>\n<th>Limitations<\/th>\n<\/tr>\n<\/thead>\n<tbody>\n<tr>\n<td>Compteurs communicants (smart meters)<\/td>\n<td>Mesure pr\u00e9cise de la consommation, remont\u00e9e automatique des donn\u00e9es<\/td>\n<td>Co\u00fbt d\u2019installation, confidentialit\u00e9 des donn\u00e9es<\/td>\n<\/tr>\n<tr>\n<td>Applications mobiles et dashboards<\/td>\n<td>Simplification de l\u2019analyse, visualisation facile<\/td>\n<td>N\u00e9cessit\u00e9 de bonne connexion internet, apprentissage utilisateur<\/td>\n<\/tr>\n<tr>\n<td>Capteurs intelligents (thermostats, prises connect\u00e9es)<\/td>\n<td>Contr\u00f4le cibl\u00e9 et r\u00e9actif<\/td>\n<td>Compatibilit\u00e9 avec \u00e9quipements existants<\/td>\n<\/tr>\n<\/tbody>\n<\/table>\n<p>\n      L\u2019int\u00e9gration de ces solutions alimente un cercle vertueux : elle permet \u00e0 l\u2019utilisateur d\u2019adopter des comportements \u00e9clair\u00e9s, de r\u00e9aliser des \u00e9conomies substantielles, tout en participant activement \u00e0 la dynamique \u00e9cologique nationale.\n    <\/p>\n<\/section>\n<section>\n<h2>Une approche \u00e0 l\u2019\u00e9preuve des d\u00e9fis : vers une consommation responsable<\/h2>\n<p>\n      Bien que la technologie facilite grandement la gestion, il reste essentiel de d\u00e9passer la simple collecte de donn\u00e9es. La sensibilisation, la formation et la mise \u00e0 disposition d\u2019informations compr\u00e9hensibles renforcent le r\u00f4le de chaque individu dans la transition \u00e9nerg\u00e9tique.\n    <\/p>\n<p>\n      \u00c0 ce titre, le suivi d&#8217;\u00e9nergie quotidien constitue une ressource pr\u00e9cieuse. Il fournit des analyses approfondies, adapt\u00e9es au contexte sp\u00e9cifique de chaque utilisateur, favorisant ainsi un changement durable des habitudes.\n    <\/p>\n<blockquote><p>\n      \u00ab La cl\u00e9 d\u2019une transition r\u00e9ussie r\u00e9side dans l\u2019autonomisation des consommateurs, leur permettant de faire des choix \u00e9clair\u00e9s gr\u00e2ce \u00e0 une information pr\u00e9cise et accessible. \u00bb\n    <\/p><\/blockquote>\n<\/section>\n<\/article>\n","protected":false},"excerpt":{"rendered":"<p>Introduction : L\u2019\u00e9mergence du suivi \u00e9nerg\u00e9tique individuel La transition \u00e9nerg\u00e9tique devient une priorit\u00e9 incontournable dans le contexte actuel de lutte contre le changement climatique et de recherche de durabilit\u00e9. Au c\u0153ur de cette r\u00e9volution, la gestion intelligente de la consommation d\u2019\u00e9nergie domestique occupe une place strat\u00e9gique, permettant non seulement de r\u00e9aliser des \u00e9conomies mais aussi [&hellip;]<\/p>\n","protected":false},"author":1,"featured_media":0,"comment_status":"open","ping_status":"open","sticky":false,"template":"","format":"standard","meta":{"footnotes":""},"categories":[1],"tags":[],"class_list":["post-8743","post","type-post","status-publish","format-standard","hentry","category-sin-categoria"],"_links":{"self":[{"href":"https:\/\/marketing.retecol.com\/redes\/wp-json\/wp\/v2\/posts\/8743","targetHints":{"allow":["GET"]}}],"collection":[{"href":"https:\/\/marketing.retecol.com\/redes\/wp-json\/wp\/v2\/posts"}],"about":[{"href":"https:\/\/marketing.retecol.com\/redes\/wp-json\/wp\/v2\/types\/post"}],"author":[{"embeddable":true,"href":"https:\/\/marketing.retecol.com\/redes\/wp-json\/wp\/v2\/users\/1"}],"replies":[{"embeddable":true,"href":"https:\/\/marketing.retecol.com\/redes\/wp-json\/wp\/v2\/comments?post=8743"}],"version-history":[{"count":1,"href":"https:\/\/marketing.retecol.com\/redes\/wp-json\/wp\/v2\/posts\/8743\/revisions"}],"predecessor-version":[{"id":8744,"href":"https:\/\/marketing.retecol.com\/redes\/wp-json\/wp\/v2\/posts\/8743\/revisions\/8744"}],"wp:attachment":[{"href":"https:\/\/marketing.retecol.com\/redes\/wp-json\/wp\/v2\/media?parent=8743"}],"wp:term":[{"taxonomy":"category","embeddable":true,"href":"https:\/\/marketing.retecol.com\/redes\/wp-json\/wp\/v2\/categories?post=8743"},{"taxonomy":"post_tag","embeddable":true,"href":"https:\/\/marketing.retecol.com\/redes\/wp-json\/wp\/v2\/tags?post=8743"}],"curies":[{"name":"wp","href":"https:\/\/api.w.org\/{rel}","templated":true}]}}