{"id":3097,"date":"2025-05-20T07:22:04","date_gmt":"2025-05-20T12:22:04","guid":{"rendered":"https:\/\/marketing.retecol.com\/redes\/?p=3097"},"modified":"2025-12-28T07:57:52","modified_gmt":"2025-12-28T12:57:52","slug":"innovation-et-flexibilite-dans-la-gestion-des-evenements-festifs-l-avenement-des-structures-modulables","status":"publish","type":"post","link":"https:\/\/marketing.retecol.com\/redes\/innovation-et-flexibilite-dans-la-gestion-des-evenements-festifs-l-avenement-des-structures-modulables\/","title":{"rendered":"Innovation et Flexibilit\u00e9 dans la Gestion des \u00c9v\u00e9nements Festifs : L&#8217;Av\u00e8nement des Structures Modulables"},"content":{"rendered":"<p>Dans le secteur tr\u00e8s concurrentiel de l&#8217;organisation d&#8217;\u00e9v\u00e9nements, qu&#8217;il s&#8217;agisse de f\u00eates priv\u00e9es, de salons professionnels ou de manifestations culturelles, la capacit\u00e9 \u00e0 adapter rapidement les infrastructures devient un atout strat\u00e9gique majeur. La flexibilit\u00e9 est d\u00e9sormais au c\u0153ur des pr\u00e9occupations, notamment \u00e0 travers le d\u00e9veloppement de solutions \u00ab <span class=\"highlight\">pari total modulable<\/span> \u00bb qui r\u00e9volutionnent la mani\u00e8re dont les organisateurs con\u00e7oivent leurs espaces \u00e9ph\u00e9m\u00e8res.<\/p>\n<h2>Les enjeux de la flexibilit\u00e9 dans l&#8217;industrie \u00e9v\u00e9nementielle<\/h2>\n<p>Historiquement, la cr\u00e9ation d&#8217;infrastructures temporaires reposait sur des structures rigides, co\u00fbteuses et peu modulables. Aujourd&#8217;hui, le d\u00e9fi consiste \u00e0 concilier rapidit\u00e9 d\u2019installation, modularit\u00e9 et adaptabilit\u00e9 aux contraintes sp\u00e9cifiques de chaque \u00e9v\u00e9nement.<\/p>\n<table>\n<thead>\n<tr>\n<th>Crit\u00e8re<\/th>\n<th>Structures Traditionnelles<\/th>\n<th>Structures Modulables<\/th>\n<\/tr>\n<\/thead>\n<tbody>\n<tr>\n<td>Temps d&#8217;installation<\/td>\n<td>Plusieurs jours \u00e0 semaines<\/td>\n<td>Souvent en quelques heures \u00e0 une journ\u00e9e<\/td>\n<\/tr>\n<tr>\n<td>Flexibilit\u00e9 de configuration<\/td>\n<td>Limit\u00e9e, n\u00e9cessitant souvent de nouvelles constructions<\/td>\n<td>Haute, possibilit\u00e9 de reconfigurer en continu<\/td>\n<\/tr>\n<tr>\n<td>Co\u00fbt global<\/td>\n<td>\u00c9lev\u00e9, avec co\u00fbts fixes importants<\/td>\n<td>R\u00e9duit, gr\u00e2ce \u00e0 la r\u00e9utilisation et \u00e0 la modularit\u00e9<\/td>\n<\/tr>\n<tr>\n<td>Impact environnemental<\/td>\n<td>Plus \u00e9lev\u00e9, avec g\u00e9n\u00e9rateur de d\u00e9chets<\/td>\n<td>Moindre, gr\u00e2ce \u00e0 une conception \u00e9co-responsable<\/td>\n<\/tr>\n<\/tbody>\n<\/table>\n<h2>Les innovations techniques : vers une modularit\u00e9 totale<\/h2>\n<p>Les entreprises sp\u00e9cialis\u00e9es innovent en proposant des solutions enti\u00e8rement <span class=\"color-accent\">\u00ab <a href=\"https:\/\/avia-masters-xmas.fr\/\">pari total modulable<\/a> \u00bb<\/span>, leur permettant de cr\u00e9er des espaces adaptables, \u00e9volutifs et r\u00e9utilisables. Ces syst\u00e8mes int\u00e8grent souvent des mat\u00e9riaux l\u00e9gers, des m\u00e9canismes de connexion intelligents et des designs polyvalents, qui garantissent une rapidit\u00e9 d&#8217;installation sans sacrifier la stabilit\u00e9 ou la s\u00e9curit\u00e9.<\/p>\n<blockquote><p>\n\u00ab La modularit\u00e9 totale ouvre de nouvelles perspectives pour les organisateurs, leur permettant de transformer un espace en fonction des besoins, sans d\u00e9pendre d&#8217;une infrastructure fixe. \u00bb \u2014 Expert en logistique \u00e9v\u00e9nementielle\n<\/p><\/blockquote>\n<h2>\u00c9tudes de cas : succ\u00e8s dans l&#8217;industrie<\/h2>\n<p>Plusieurs \u00e9v\u00e9nements r\u00e9cents t\u00e9moignent de l\u2019efficacit\u00e9 de ces solutions modulables. Par exemple, lors de salons commerciaux, des exposants ont pu r\u00e9am\u00e9nager leurs stands plusieurs fois par jour, gr\u00e2ce \u00e0 des structures redistribuables et facilement transportables. En milieu festif, des festivals ont b\u00e9n\u00e9fici\u00e9 d&#8217;espaces polyvalents qui s\u2019adaptent \u00e0 la m\u00e9t\u00e9o ou \u00e0 la densit\u00e9 de la foule.<\/p>\n<h2>Les enjeux \u00e9cologiques et \u00e9conomiques<\/h2>\n<p>Au-del\u00e0 de la flexibilit\u00e9 op\u00e9rationnelle, ces structures r\u00e9duisent l\u2019impact environnemental en facilitant la r\u00e9utilisation sur plusieurs \u00e9v\u00e9nements et en limitant les d\u00e9chets de construction. Sur le plan \u00e9conomique, cette approche permet de r\u00e9duire les co\u00fbts d&#8217;installation, tout en offrant une capacit\u00e9 d\u2019adaptation intuitive contribuant \u00e0 la r\u00e9ussite de chaque projet.<\/p>\n<h2>Perspectives futures dans la gestion \u00e9v\u00e9nementielle<\/h2>\n<p>Avec l\u2019int\u00e9gration croissante des technologies intelligentes et la mont\u00e9e en puissance de l\u2019\u00e9co-conception, le secteur semble se diriger vers une modularit\u00e9 totale, o\u00f9 chaque espace pourra \u00eatre personnalis\u00e9 en temps r\u00e9el selon les besoins sp\u00e9cifiques de chaque \u00e9v\u00e9nement. La comp\u00e9tence cl\u00e9 r\u00e9side dans la ma\u00eetrise de ces syst\u00e8mes innovants, dont la r\u00e9putation s&#8217;appuie sur la cr\u00e9dibilit\u00e9 de r\u00e9f\u00e9rences telles que pari total modulable.<\/p>\n<h2>Conclusion<\/h2>\n<p>La tendance vers des infrastructures plus <em>flexibles, \u00e9volutives et durables<\/em> n\u2019est pas simplement une mode, mais une n\u00e9cessit\u00e9 pour r\u00e9pondre aux exigences croissantes de personnalisation et d\u2019efficacit\u00e9. La ma\u00eetrise de la modularit\u00e9 totale constitue une avanc\u00e9e strat\u00e9gique qui distingue les professionnels innovants dans une industrie en constante mutation. En int\u00e9grant ces nouvelles solutions, les organisateurs peuvent ainsi offrir des exp\u00e9riences uniques et adapt\u00e9es, tout en optimisant leurs ressources et en respectant les enjeux environnementaux.<\/p>\n","protected":false},"excerpt":{"rendered":"<p>Dans le secteur tr\u00e8s concurrentiel de l&#8217;organisation d&#8217;\u00e9v\u00e9nements, qu&#8217;il s&#8217;agisse de f\u00eates priv\u00e9es, de salons professionnels ou de manifestations culturelles, la capacit\u00e9 \u00e0 adapter rapidement les infrastructures devient un atout strat\u00e9gique majeur. La flexibilit\u00e9 est d\u00e9sormais au c\u0153ur des pr\u00e9occupations, notamment \u00e0 travers le d\u00e9veloppement de solutions \u00ab pari total modulable \u00bb qui r\u00e9volutionnent la [&hellip;]<\/p>\n","protected":false},"author":1,"featured_media":0,"comment_status":"open","ping_status":"open","sticky":false,"template":"","format":"standard","meta":{"footnotes":""},"categories":[1],"tags":[],"class_list":["post-3097","post","type-post","status-publish","format-standard","hentry","category-sin-categoria"],"_links":{"self":[{"href":"https:\/\/marketing.retecol.com\/redes\/wp-json\/wp\/v2\/posts\/3097","targetHints":{"allow":["GET"]}}],"collection":[{"href":"https:\/\/marketing.retecol.com\/redes\/wp-json\/wp\/v2\/posts"}],"about":[{"href":"https:\/\/marketing.retecol.com\/redes\/wp-json\/wp\/v2\/types\/post"}],"author":[{"embeddable":true,"href":"https:\/\/marketing.retecol.com\/redes\/wp-json\/wp\/v2\/users\/1"}],"replies":[{"embeddable":true,"href":"https:\/\/marketing.retecol.com\/redes\/wp-json\/wp\/v2\/comments?post=3097"}],"version-history":[{"count":1,"href":"https:\/\/marketing.retecol.com\/redes\/wp-json\/wp\/v2\/posts\/3097\/revisions"}],"predecessor-version":[{"id":3098,"href":"https:\/\/marketing.retecol.com\/redes\/wp-json\/wp\/v2\/posts\/3097\/revisions\/3098"}],"wp:attachment":[{"href":"https:\/\/marketing.retecol.com\/redes\/wp-json\/wp\/v2\/media?parent=3097"}],"wp:term":[{"taxonomy":"category","embeddable":true,"href":"https:\/\/marketing.retecol.com\/redes\/wp-json\/wp\/v2\/categories?post=3097"},{"taxonomy":"post_tag","embeddable":true,"href":"https:\/\/marketing.retecol.com\/redes\/wp-json\/wp\/v2\/tags?post=3097"}],"curies":[{"name":"wp","href":"https:\/\/api.w.org\/{rel}","templated":true}]}}