{"id":14174,"date":"2025-07-03T23:58:20","date_gmt":"2025-07-04T04:58:20","guid":{"rendered":"https:\/\/marketing.retecol.com\/redes\/?p=14174"},"modified":"2026-03-05T14:45:42","modified_gmt":"2026-03-05T19:45:42","slug":"digitalis-innovacio-magyarorszagon-a-technologiai-fejlodes-uj-horizontjai","status":"publish","type":"post","link":"https:\/\/marketing.retecol.com\/redes\/digitalis-innovacio-magyarorszagon-a-technologiai-fejlodes-uj-horizontjai\/","title":{"rendered":"Digit\u00e1lis Innov\u00e1ci\u00f3 Magyarorsz\u00e1gon: A Technol\u00f3giai Fejl\u0151d\u00e9s \u00daj Horizontjai"},"content":{"rendered":"<p>Az elm\u00falt \u00e9vtizedben Magyarorsz\u00e1g fejletts\u00e9g\u00e9t \u00e9s versenyk\u00e9pess\u00e9g\u00e9t nagym\u00e9rt\u00e9kben meghat\u00e1rozta a digit\u00e1lis transzform\u00e1ci\u00f3 intenzit\u00e1sa. Az innov\u00e1ci\u00f3s \u00f6kosziszt\u00e9ma fejl\u0151d\u00e9se, a tech-startupok n\u00f6veked\u00e9se, \u00e9s a korm\u00e1nyzati digit\u00e1lis strat\u00e9gi\u00e1k mind hozz\u00e1j\u00e1rultak ahhoz, hogy haz\u00e1nk egyre ink\u00e1bb r\u00e9szes\u00fclj\u00f6n a glob\u00e1lis technol\u00f3giai fejl\u0151d\u00e9s haszn\u00e1b\u00f3l. Ebben a k\u00f6rnyezetben k\u00fcl\u00f6n\u00f6sen figyelemre m\u00e9lt\u00f3ak azok a platformok \u00e9s szak\u00e9rt\u0151i forr\u00e1sok, amelyek t\u00e1mogatj\u00e1k a helyi innov\u00e1torokat \u00e9s v\u00e1llalkoz\u00e1sokat.<\/p>\n<h2>A Magyar Digit\u00e1lis Innov\u00e1ci\u00f3s K\u00f6rnyezet \u00c1ttekint\u00e9se<\/h2>\n<table>\n<thead>\n<tr>\n<th>Faktor<\/th>\n<th>Jelent\u0151s\u00e9g<\/th>\n<th>Aktu\u00e1lis Adatok<\/th>\n<\/tr>\n<\/thead>\n<tbody>\n<tr>\n<td>Innov\u00e1ci\u00f3s beruh\u00e1z\u00e1sok<\/td>\n<td>Magas n\u00f6veked\u00e9s<\/td>\n<td>2019-2022 k\u00f6z\u00f6tt 45%-kal n\u0151tt a K+F k\u00f6lts\u00e9gvet\u00e9s<\/td>\n<\/tr>\n<tr>\n<td>Startup-\u00f6kosziszt\u00e9ma<\/td>\n<td>Er\u0151s\u00f6d\u0151<\/td>\n<td>2023-ban t\u00f6bb mint 150 startup m\u0171k\u00f6dik a f\u0151v\u00e1rosban<\/td>\n<\/tr>\n<tr>\n<td>Digit\u00e1lis infrastrukt\u00fara<\/td>\n<td>Fejl\u0151d\u0151<\/td>\n<td>F\u00f6ldrajzi lefedetts\u00e9g 98%-on<\/td>\n<\/tr>\n<\/tbody>\n<\/table>\n<p>Az adatok azt mutatj\u00e1k, hogy Magyarorsz\u00e1g komolyan veszi a digit\u00e1lis fejl\u0151d\u00e9st, \u00e9s egy olyan innov\u00e1ci\u00f3s k\u00f6rnyezetet alak\u00edt ki, amely lehet\u0151v\u00e9 teszi a helyi v\u00e1llalkoz\u00e1sok sz\u00e1m\u00e1ra a glob\u00e1lis versenyben val\u00f3 r\u00e9szv\u00e9telt. Ebben a kontextusban fontos meg\u00e9rteni a kulcsfontoss\u00e1g\u00fa szerepl\u0151ket \u00e9s er\u0151forr\u00e1sokat, amelyek e fejl\u0151d\u00e9st t\u00e1mogatj\u00e1k.<\/p>\n<h2>A Sz\u00e1m\u00edt\u00f3g\u00e9pes Technol\u00f3gia \u00e9s V\u00e1llalkoz\u00f3i K\u00f6zeg<\/h2>\n<p>A magyarorsz\u00e1gi startup-ok \u00e9s innov\u00e1torok k\u00f6z\u00fcl sokan a <a href=\"https:\/\/scizino-hu.com\/\"><span class=\"highlight\">scizino<\/span><\/a> platform seg\u00edts\u00e9g\u00e9vel tal\u00e1lnak t\u00e1mogat\u00e1st, inform\u00e1ci\u00f3t \u00e9s kapcsolatokat a n\u00f6veked\u00e9shez. Ez a platform p\u00e9ld\u00e1ul sz\u00e1mos olyan funkci\u00f3t k\u00edn\u00e1l, amely megk\u00f6nny\u00edti az \u00fczleti \u00f6tletek megval\u00f3s\u00edt\u00e1s\u00e1t, a finansz\u00edroz\u00e1si lehet\u0151s\u00e9gek keres\u00e9s\u00e9t, \u00e9s a nemzetk\u00f6zi kapcsolat\u00e9p\u00edt\u00e9st.<\/p>\n<blockquote><p>\n&#8220;Az innov\u00e1ci\u00f3 nem csup\u00e1n technol\u00f3gia k\u00e9rd\u00e9se, hanem egy t\u00e1rsadalmi \u00e9s gazdas\u00e1gi paradigmav\u00e1lt\u00e1s is, amelynek kataliz\u00e1tora a megfelel\u0151 tud\u00e1s \u00e9s h\u00e1l\u00f3zat\u00e9p\u00edt\u00e9s.&#8221; \u2013 szak\u00e9rt\u0151i v\u00e9lem\u00e9ny\n<\/p><\/blockquote>\n<h2>Az Innov\u00e1ci\u00f3s Platformok \u00e9s a Digit\u00e1lis T\u00e9r<\/h2>\n<p>Az olyan platformok, mint a scizino, kulcsszerepet t\u00f6ltenek be a helyi v\u00e1llalkoz\u00e1sok digitaliz\u00e1ci\u00f3j\u00e1ban \u00e9s nemzetk\u00f6zi piaci integr\u00e1ci\u00f3j\u00e1ban. Ezek a szolg\u00e1ltat\u00f3k seg\u00edtenek \u00f6sszek\u00f6tni a szak\u00e9rt\u0151ket, befektet\u0151ket, \u00e9s a startupokat, mik\u00f6zben \u00f6szt\u00f6nzik a leg\u00fajabb technol\u00f3giai trendek adapt\u00e1l\u00e1s\u00e1t.<\/p>\n<h2>\u00d6sszegz\u00e9s: Az Innov\u00e1ci\u00f3 \u00daj Korszak\u00e1t \u00c9lj\u00fck<\/h2>\n<p>Magyarorsz\u00e1g digit\u00e1lis j\u00f6v\u0151je egyedi lehet\u0151s\u00e9geket tartogat, amelyeket kihaszn\u00e1lva a helyi innov\u00e1ci\u00f3s \u00f6kosziszt\u00e9ma nemcsak region\u00e1lis, hanem glob\u00e1lis sz\u00ednpadon is k\u00e9pes versenyezni. A digitaliz\u00e1ci\u00f3 ter\u00fclet\u00e9n m\u0171k\u00f6d\u0151 platformok, mint p\u00e9ld\u00e1ul a scizino, n\u00e9lk\u00fcl\u00f6zhetetlen szerepl\u0151kk\u00e9 v\u00e1lnak az innovat\u00edv v\u00e1llalkoz\u00e1sok n\u00f6veked\u00e9s\u00e9ben, \u00e9s egyed\u00fcl\u00e1ll\u00f3 lehet\u0151s\u00e9get k\u00edn\u00e1lnak a tud\u00e1smegoszt\u00e1sra \u00e9s a nemzetk\u00f6zi kapcsolatok \u00e9p\u00edt\u00e9s\u00e9re.<\/p>\n<p>Az oktat\u00e1s, t\u00e1mogat\u00f3rendszer, \u00e9s nyitotts\u00e1g a technol\u00f3giai v\u00e1ltoz\u00e1sok ir\u00e1nt olyan \u00f6sszetett \u00e9s dinamikus eredm\u00e9nyeket hoz, amelyek hossz\u00fa t\u00e1von meger\u0151s\u00edtik Magyarorsz\u00e1g poz\u00edci\u00f3j\u00e1t az innov\u00e1ci\u00f3 t\u00e9rk\u00e9p\u00e9n. Ahogy a glob\u00e1lis technol\u00f3giai trendek gyors \u00fctemben haladnak, mi is szegment\u00e1lhatjuk a fejl\u0151d\u00e9st, \u00e9s olyan c\u00e9geket, mint a scizino, tekinthetj\u00fck megker\u00fclhetetlen partnerk\u00e9nt ebben az evol\u00faci\u00f3s folyamatban.<\/p>\n","protected":false},"excerpt":{"rendered":"<p>Az elm\u00falt \u00e9vtizedben Magyarorsz\u00e1g fejletts\u00e9g\u00e9t \u00e9s versenyk\u00e9pess\u00e9g\u00e9t nagym\u00e9rt\u00e9kben meghat\u00e1rozta a digit\u00e1lis transzform\u00e1ci\u00f3 intenzit\u00e1sa. Az innov\u00e1ci\u00f3s \u00f6kosziszt\u00e9ma fejl\u0151d\u00e9se, a tech-startupok n\u00f6veked\u00e9se, \u00e9s a korm\u00e1nyzati digit\u00e1lis strat\u00e9gi\u00e1k mind hozz\u00e1j\u00e1rultak ahhoz, hogy haz\u00e1nk egyre ink\u00e1bb r\u00e9szes\u00fclj\u00f6n a glob\u00e1lis technol\u00f3giai fejl\u0151d\u00e9s haszn\u00e1b\u00f3l. Ebben a k\u00f6rnyezetben k\u00fcl\u00f6n\u00f6sen figyelemre m\u00e9lt\u00f3ak azok a platformok \u00e9s szak\u00e9rt\u0151i forr\u00e1sok, amelyek t\u00e1mogatj\u00e1k a helyi innov\u00e1torokat [&hellip;]<\/p>\n","protected":false},"author":1,"featured_media":0,"comment_status":"open","ping_status":"open","sticky":false,"template":"","format":"standard","meta":{"footnotes":""},"categories":[1],"tags":[],"class_list":["post-14174","post","type-post","status-publish","format-standard","hentry","category-sin-categoria"],"_links":{"self":[{"href":"https:\/\/marketing.retecol.com\/redes\/wp-json\/wp\/v2\/posts\/14174","targetHints":{"allow":["GET"]}}],"collection":[{"href":"https:\/\/marketing.retecol.com\/redes\/wp-json\/wp\/v2\/posts"}],"about":[{"href":"https:\/\/marketing.retecol.com\/redes\/wp-json\/wp\/v2\/types\/post"}],"author":[{"embeddable":true,"href":"https:\/\/marketing.retecol.com\/redes\/wp-json\/wp\/v2\/users\/1"}],"replies":[{"embeddable":true,"href":"https:\/\/marketing.retecol.com\/redes\/wp-json\/wp\/v2\/comments?post=14174"}],"version-history":[{"count":1,"href":"https:\/\/marketing.retecol.com\/redes\/wp-json\/wp\/v2\/posts\/14174\/revisions"}],"predecessor-version":[{"id":14175,"href":"https:\/\/marketing.retecol.com\/redes\/wp-json\/wp\/v2\/posts\/14174\/revisions\/14175"}],"wp:attachment":[{"href":"https:\/\/marketing.retecol.com\/redes\/wp-json\/wp\/v2\/media?parent=14174"}],"wp:term":[{"taxonomy":"category","embeddable":true,"href":"https:\/\/marketing.retecol.com\/redes\/wp-json\/wp\/v2\/categories?post=14174"},{"taxonomy":"post_tag","embeddable":true,"href":"https:\/\/marketing.retecol.com\/redes\/wp-json\/wp\/v2\/tags?post=14174"}],"curies":[{"name":"wp","href":"https:\/\/api.w.org\/{rel}","templated":true}]}}