{"id":14048,"date":"2025-04-05T07:41:01","date_gmt":"2025-04-05T12:41:01","guid":{"rendered":"https:\/\/marketing.retecol.com\/redes\/?p=14048"},"modified":"2026-03-05T14:29:06","modified_gmt":"2026-03-05T19:29:06","slug":"fenntarthato-energiaforrasok-innovativ-megoldasok-a-globalis-kihivasok-kezelesere","status":"publish","type":"post","link":"https:\/\/marketing.retecol.com\/redes\/fenntarthato-energiaforrasok-innovativ-megoldasok-a-globalis-kihivasok-kezelesere\/","title":{"rendered":"Fenntarthat\u00f3 Energiaforr\u00e1sok: innovat\u00edv megold\u00e1sok a glob\u00e1lis kih\u00edv\u00e1sok kezel\u00e9s\u00e9re"},"content":{"rendered":"<p>A jelenkori glob\u00e1lis fenyeget\u00e9sek, mint a kl\u00edmav\u00e1ltoz\u00e1s, az energiaf\u00fcgg\u0151s\u00e9g \u00e9s a n\u00f6vekv\u0151 k\u00f6rnyezeti terhel\u00e9sek alapjaiban form\u00e1lj\u00e1k \u00e1t az energiaipar m\u0171k\u00f6d\u00e9s\u00e9t \u00e9s strat\u00e9gi\u00e1it. A nemzetk\u00f6zi sz\u00ednt\u00e9ren kit\u0171nik az innovat\u00edv technol\u00f3gi\u00e1k \u00e9s fenntarthat\u00f3 strat\u00e9gi\u00e1k alkalmaz\u00e1sa, melyek c\u00e9lzottan cs\u00f6kkenthetik a k\u00f6rnyezeti l\u00e1bnyomot, mik\u00f6zben n\u00f6velhetik az energiaf\u00fcggetlens\u00e9get. Az egyik kiemelked\u0151 ilyen lehet\u0151s\u00e9g a m\u00e9lyv\u00edzi sz\u00e9lenergia hasznos\u00edt\u00e1sa, amelyr\u0151l r\u00e9szleteket itt tal\u00e1lnak az \u00e9rdekl\u0151d\u0151k: <a href=\"https:\/\/poseidonwin-hu.com\/\"><strong>r\u00e9szletek itt<\/strong><\/a>.<\/p>\n<h2>A m\u00e9lyv\u00edzi sz\u00e9lenergia potenci\u00e1lja<\/h2>\n<p>Az elm\u00falt \u00e9vekben a tudom\u00e1nyos \u00e9s ipar\u00e1gi kutat\u00e1sok egyre ink\u00e1bb r\u00e1mutattak a m\u00e9lyv\u00edzi sz\u00e9lenergia jelent\u0151s\u00e9g\u00e9re. A ny\u00edlt \u00f3ce\u00e1nok hatalmas, kihaszn\u00e1latlan ereje lehet a j\u00f6v\u0151 fenntarthat\u00f3 energi\u00e1j\u00e1nak egyik kulcsa, hiszen a fejlett technol\u00f3gi\u00e1k lehet\u0151v\u00e9 teszik hat\u00e9kony \u00e9s k\u00f6rnyezetbar\u00e1t kihaszn\u00e1l\u00e1s\u00e1t.<\/p>\n<p>Az Atlanti- \u00e9s Csendes-\u00f3ce\u00e1n m\u00e9lyv\u00edzi r\u00e9gi\u00f3iban megval\u00f3s\u00edtott projektek adatai szerint az ebb\u0151l sz\u00e1rmaz\u00f3 energia potenci\u00e1lja el\u00e9ri a t\u00f6bb sz\u00e1z gigawattot, ami t\u00f6bbsz\u00f6r\u00f6sen meghaladja a jelenlegi \u00f6sszes glob\u00e1lis telep\u00edtett meg\u00fajul\u00f3 kapacit\u00e1st (l\u00e1sd a 2022-es nemzetk\u00f6zi kutat\u00e1sokat). A <strong>m\u00e9lyv\u00edzi sz\u00e9lparkok<\/strong> l\u00e9tes\u00edt\u00e9se hossz\u00fa t\u00e1von gazdas\u00e1gilag is kifizet\u0151d\u0151 lehet, k\u00fcl\u00f6n\u00f6sen mivel a technol\u00f3gia folyamatosan fejl\u0151dik, \u00e9s a k\u00f6lts\u00e9gek cs\u00f6kkennek.<\/p>\n<h2>Technol\u00f3giai kih\u00edv\u00e1sok \u00e9s innov\u00e1ci\u00f3k<\/h2>\n<p>De hogy is val\u00f3sul meg a m\u00e9lyv\u00edzi sz\u00e9lenergia hasznos\u00edt\u00e1sa? Az egyik f\u0151 kih\u00edv\u00e1s a telep\u00edt\u00e9si \u00e9s fenntart\u00e1si k\u00f6lts\u00e9gek koncentr\u00e1ci\u00f3ja, valamint az er\u0151s \u00f3ce\u00e1ni k\u00f6rnyezet hat\u00e1sai. A fejleszt\u0151 v\u00e1llalatok \u00e9s kutat\u00f3int\u00e9zetek folyamatosan dolgoznak \u00faj gener\u00e1ci\u00f3s turbin\u00e1kon, amelyek nagyobb hat\u00e9konys\u00e1ggal m\u0171k\u00f6dnek, \u00e9s k\u00e9pesek ellen\u00e1llni a nagy nyom\u00e1s\u00fa, er\u0151sen s\u00f3zott v\u00edz k\u00f6zvetlen hat\u00e1sainak.<\/p>\n<blockquote><p>\n&#8220;Az innovat\u00edv megold\u00e1sok, mint a lebeg\u0151 turbin\u00e1k vagy az automatikus karbantart\u00f3 robotok, lehet\u0151s\u00e9get teremtettek arra, hogy a m\u00e9lyv\u00edzi sz\u00e9lenergia gazdas\u00e1gilag \u00e9letk\u00e9pes \u00e9s hossz\u00fa t\u00e1von fenntarthat\u00f3 legyen.&#8221; \u2013 szak\u00e9rt\u0151i elemz\u00e9s a szektorb\u00f3l\n<\/p><\/blockquote>\n<h2>Gazdas\u00e1gi \u00e9s strat\u00e9gi\u00e1lis el\u0151ny\u00f6k<\/h2>\n<p>Az elm\u00falt \u00e9vtized tapasztalatai j\u00f3l mutatj\u00e1k, hogy a m\u00e9lyv\u00edzi sz\u00e9lprojektek nemcsak k\u00f6rnyezeti szempontb\u00f3l \u00e9rt\u00e9kesek, hanem gazdas\u00e1gi szempontb\u00f3l is kih\u00edv\u00e1sokat \u00e9s lehet\u0151s\u00e9geket rejtenek. A helyi munkahelyteremt\u00e9s, az energiaf\u00fcggetlens\u00e9g n\u00f6vel\u00e9se, valamint a nemzetk\u00f6zi energetikai egy\u00fcttm\u0171k\u00f6d\u00e9sek mind-mind el\u0151nyt jelentenek a r\u00e9sztvev\u0151k sz\u00e1m\u00e1ra.<\/p>\n<p>Olyan orsz\u00e1gok, mint D\u00e1nia, Egyes\u00fclt Kir\u00e1lys\u00e1g vagy Jap\u00e1n, m\u00e1r jelent\u0151s beruh\u00e1z\u00e1sokat folytatnak ezen az innovat\u00edv ter\u00fcleten. Sz\u00e9lesk\u00f6r\u0171 el\u0151ny\u00fck, hogy az \u00f3ce\u00e1ni er\u0151forr\u00e1sok kihaszn\u00e1l\u00e1s\u00e1val cs\u00f6kkenthetik a fosszilis energiaforr\u00e1sokra val\u00f3 t\u00e1maszkod\u00e1st, hozz\u00e1j\u00e1rulva a glob\u00e1lis kl\u00edmav\u00e9delmi er\u0151fesz\u00edt\u00e9sekhez.<\/p>\n<h2>Az energiaipar j\u00f6v\u0151je a fenntarthat\u00f3s\u00e1g ir\u00e1ny\u00e1ba<\/h2>\n<p>A fenntarthat\u00f3 fejl\u0151d\u00e9s c\u00e9lkit\u0171z\u00e9sei \u00e9s az EU z\u00f6ld \u00e1tmenete mellett az innovat\u00edv energiaforr\u00e1sok fejleszt\u00e9se fel\u00e9rt\u00e9kel\u0151dik. A m\u00e9lyv\u00edzi sz\u00e9lenergia p\u00e9ld\u00e1ja j\u00f3l mutatja, hogy a technol\u00f3giai fejl\u0151d\u00e9s \u00e9s a strat\u00e9giai beruh\u00e1z\u00e1sok kombin\u00e1ci\u00f3ja kulcs lehet a k\u00e1ros k\u00f6rnyezeti hat\u00e1sok m\u00e9rs\u00e9kl\u00e9s\u00e9ben, \u00e9s a hossz\u00fa t\u00e1v\u00fa energiaf\u00fcggetlens\u00e9g kialak\u00edt\u00e1s\u00e1ban.<\/p>\n<h2>\u00d6sszegz\u00e9s<\/h2>\n<p>Az energia\u00e1gazatban tapasztalhat\u00f3 \u00e1talakul\u00e1s egy\u00e9rtelm\u0171en el\u0151revet\u00edti a fenntarthat\u00f3, tiszta energiaforr\u00e1sok dominanci\u00e1j\u00e1t. Mindez nemcsak innov\u00e1ci\u00f3 k\u00e9rd\u00e9se, hanem strat\u00e9giai k\u00e9rd\u00e9s is \u2014 helyes d\u00f6nt\u00e9sekkel er\u0151s\u00edthetj\u00fck nemzetgazdas\u00e1gi poz\u00edci\u00f3nkat, mik\u00f6zben glob\u00e1lis k\u00f6rnyezeti probl\u00e9m\u00e1kra k\u00edn\u00e1lunk megold\u00e1st.<\/p>\n<p>Az \u00e9rdekeltek \u00e9s szak\u00e9rt\u0151k b\u0151vebben is megismerhetik a lehet\u0151s\u00e9geket, p\u00e9ld\u00e1ul ahogy a r\u00e9szletek itt link mutatja, az \u00f3ce\u00e1ni energiaforr\u00e1sok kihaszn\u00e1l\u00e1s\u00e1nak jelenlegi fejleszt\u00e9seit \u00e9s terveit.<\/p>\n","protected":false},"excerpt":{"rendered":"<p>A jelenkori glob\u00e1lis fenyeget\u00e9sek, mint a kl\u00edmav\u00e1ltoz\u00e1s, az energiaf\u00fcgg\u0151s\u00e9g \u00e9s a n\u00f6vekv\u0151 k\u00f6rnyezeti terhel\u00e9sek alapjaiban form\u00e1lj\u00e1k \u00e1t az energiaipar m\u0171k\u00f6d\u00e9s\u00e9t \u00e9s strat\u00e9gi\u00e1it. A nemzetk\u00f6zi sz\u00ednt\u00e9ren kit\u0171nik az innovat\u00edv technol\u00f3gi\u00e1k \u00e9s fenntarthat\u00f3 strat\u00e9gi\u00e1k alkalmaz\u00e1sa, melyek c\u00e9lzottan cs\u00f6kkenthetik a k\u00f6rnyezeti l\u00e1bnyomot, mik\u00f6zben n\u00f6velhetik az energiaf\u00fcggetlens\u00e9get. Az egyik kiemelked\u0151 ilyen lehet\u0151s\u00e9g a m\u00e9lyv\u00edzi sz\u00e9lenergia hasznos\u00edt\u00e1sa, amelyr\u0151l r\u00e9szleteket itt [&hellip;]<\/p>\n","protected":false},"author":1,"featured_media":0,"comment_status":"open","ping_status":"open","sticky":false,"template":"","format":"standard","meta":{"footnotes":""},"categories":[1],"tags":[],"class_list":["post-14048","post","type-post","status-publish","format-standard","hentry","category-sin-categoria"],"_links":{"self":[{"href":"https:\/\/marketing.retecol.com\/redes\/wp-json\/wp\/v2\/posts\/14048","targetHints":{"allow":["GET"]}}],"collection":[{"href":"https:\/\/marketing.retecol.com\/redes\/wp-json\/wp\/v2\/posts"}],"about":[{"href":"https:\/\/marketing.retecol.com\/redes\/wp-json\/wp\/v2\/types\/post"}],"author":[{"embeddable":true,"href":"https:\/\/marketing.retecol.com\/redes\/wp-json\/wp\/v2\/users\/1"}],"replies":[{"embeddable":true,"href":"https:\/\/marketing.retecol.com\/redes\/wp-json\/wp\/v2\/comments?post=14048"}],"version-history":[{"count":1,"href":"https:\/\/marketing.retecol.com\/redes\/wp-json\/wp\/v2\/posts\/14048\/revisions"}],"predecessor-version":[{"id":14049,"href":"https:\/\/marketing.retecol.com\/redes\/wp-json\/wp\/v2\/posts\/14048\/revisions\/14049"}],"wp:attachment":[{"href":"https:\/\/marketing.retecol.com\/redes\/wp-json\/wp\/v2\/media?parent=14048"}],"wp:term":[{"taxonomy":"category","embeddable":true,"href":"https:\/\/marketing.retecol.com\/redes\/wp-json\/wp\/v2\/categories?post=14048"},{"taxonomy":"post_tag","embeddable":true,"href":"https:\/\/marketing.retecol.com\/redes\/wp-json\/wp\/v2\/tags?post=14048"}],"curies":[{"name":"wp","href":"https:\/\/api.w.org\/{rel}","templated":true}]}}